{"id":728,"date":"2022-08-29T09:00:00","date_gmt":"2022-08-29T07:00:00","guid":{"rendered":"https:\/\/www.quinqueytintero.com\/?p=728"},"modified":"2023-01-25T16:17:22","modified_gmt":"2023-01-25T15:17:22","slug":"el-camino-de-la-virtud","status":"publish","type":"post","link":"https:\/\/www.quinqueytintero.com\/index.php\/2022\/08\/29\/el-camino-de-la-virtud\/","title":{"rendered":"El camino de la virtud"},"content":{"rendered":"\n<h3 class=\"wp-block-heading\"><strong>\u00bfEs, acaso, justa la muerte?<\/strong><\/h3>\n\n\n\n<p class=\"has-drop-cap has-text-align-justify\">Con esa alegre frase asalt\u00e9 a mis amigos en una apacible noche de verano mientras la brisa marina rebajaba el calor nocturno y las bebidas corr\u00edan con alegr\u00eda en lo que esper\u00e1bamos nuestra comida. Tras el estupor inicial, uno de ellos afirm\u00f3 que s\u00ed, por supuesto, pues nos equipara a todos al mismo nivel, ya seamos bondadosos o malvados hasta el tu\u00e9tano. Por el contrario, otra de nuestras amigas no compart\u00eda la afirmaci\u00f3n, pues la muerte no nos llega a todos por igual, le llega a un infante inocente de la misma manera que a un anciano que ha vivido una larga y pr\u00f3spera vida.<\/p>\n\n\n\n<p class=\"has-text-align-justify\">Ambas reflexiones son evidentemente v\u00e1lidas, pues no cabe una respuesta definitiva a la pregunta formulada, pero aquellas respuestas me hicieron reflexionar. Si bien la muerte es inevitable y no podemos huir de ella, \u00bfpor qu\u00e9 nos preocupamos por ella? El fin de todo es algo que est\u00e1 siempre ah\u00ed, para todos. Hasta el majestuoso Sol que ha visto nacer la vida en la Tierra, y puede que vea su fin, ser\u00e1 convertido en polvo c\u00f3smico un d\u00eda.<\/p>\n\n\n\n<p class=\"has-text-align-justify\">El hecho de que vayamos a morir no es algo ajeno a la humanidad, todos lo sabemos, pero casi ninguno de nosotros lo aceptamos. Lloramos la muerte de nuestros allegados y sufrimos cuando vemos que la nuestra se aproxima, pero, \u00bfpor qu\u00e9 sufrir de esta manera? La p\u00e9rdida de un ser querido es siempre una terrible experiencia que crea un vac\u00edo en nuestra \u00e1nima imposible de reparar, pues nunca m\u00e1s podremos disfrutar de la compa\u00f1\u00eda de la persona que ha partido, nunca m\u00e1s podremos aprender de sus lecciones y de su apoyo  cuando caigamos. La muerte de otros es terrible, y poco podemos hacer sobre ello, por lo que lo \u00fanico que est\u00e1 en nuestra mano, en la modesta opini\u00f3n de este escritor, es preparar nuestra partida para que sea menos dolorosa para nuestros allegados, y nos permita aceptarla con solemnidad.<\/p>\n\n\n\n<p class=\"has-text-align-justify\">Es evidente que no soy el primero en reflexionar sobre esta materia, pues ha sido objeto de estudio por numerosos sabios de la antig\u00fcedad, y para tratar de vislumbrar la luz para esta cuesti\u00f3n debemos acudir a ellos, pues, como dec\u00eda mi profesor de Griego y Cultura Cl\u00e1sica, <strong><em>Luis Miguel Orbaneja Garc\u00eda<\/em><\/strong>, <em>&#8220;los antiguos eran antiguos, pero no tontos&#8221;.<\/em><\/p>\n\n\n\n<p class=\"has-text-align-justify\">En funci\u00f3n de las creencias de cada uno podemos buscar la soluci\u00f3n en diversas ideolog\u00edas, filosof\u00edas y religiones, pero para esta ocasi\u00f3n voy a acudir a los autores cl\u00e1sicos estoicos, pues son los que me ayudan ante estas cuestiones y otras de la vida moderna.<\/p>\n\n\n\n<p class=\"has-text-align-justify\">Una frase atribuida al sabio <strong><em><a href=\"https:\/\/dbe.rah.es\/biografias\/8082\/lucio-anneo-seneca\" data-type=\"URL\" data-id=\"https:\/\/dbe.rah.es\/biografias\/8082\/lucio-anneo-seneca\">Lucio Anneo S\u00e9neca<\/a><\/em><\/strong> reza; <em>\u201cIncierto es el lugar donde la muerte te espera. Esp\u00e9rala, pues, en todo lugar\u201d<\/em>. Sin duda alguna, nos invita a estar siempre preparados ante la muerte para que no seamos sorprendidos por ella, pero, \u00bfc\u00f3mo podemos estar preparados a morir?<\/p>\n\n\n<div class=\"wp-block-image is-style-rounded\">\n<figure class=\"aligncenter size-full is-resized\"><img loading=\"lazy\" decoding=\"async\" src=\"https:\/\/www.quinqueytintero.com\/wp-content\/uploads\/2022\/08\/WhatsApp-Image-2022-08-28-at-6.01.29-PM.jpeg\" alt=\"\" class=\"wp-image-731\" width=\"320\" height=\"240\"\/><figcaption class=\"wp-element-caption\"><strong>&#8220;La muerte de S\u00e9neca&#8221;. <\/strong><br><strong>Pedro Pablo Rubens. 1612 &#8211; 1615. <\/strong><br><strong>\u00d3leo sobre lienzo. 181 x 119,8 cm<\/strong>.<\/figcaption><\/figure>\n<\/div>\n\n\n<p class=\"has-text-align-justify\">Mi l\u00ednea profesional me sit\u00faa frente al p\u00fablico, por lo que, habitualmente, me encuentro con todo tipo de personas; trabajadoras, necesitadas o, simplemente, aprovechadas. No es raro que algunas de ellas se contenten con subsistir a base de ayudas sin tratar de huir de su situaci\u00f3n precaria, esperando que sea todo igual, sin cultivar su persona lo m\u00e1s m\u00ednimo, mientras que el perfil de la persona que realmente aprovecha la ayuda que se le brinda para huir de su situaci\u00f3n y construirse un futuro es una <em>rara avis<\/em>.<\/p>\n\n\n\n<p class=\"has-text-align-justify\">Esta clase de personas que viven d\u00eda a d\u00eda, obviando cualquier actividad para tratar de forjarse un futuro mejor, son, a menudo, fruto de una vida en la que, en lugar de aprovechar su juventud para forjar la mente, el cuerpo y el esp\u00edritu, han despreciado ese tiempo gast\u00e1ndolo en divertimentos y placeres pasajeros. As\u00ed, cuando el invierno llega, se ven desprovistos de cualquier medio de protecci\u00f3n, pues carecen de un empleo s\u00f3lido, o de las habilidades necesarias para obtener uno nuevo, dependiendo de un Estado para su protecci\u00f3n que, en cualquier momento, puede retir\u00e1rsela.<\/p>\n\n\n\n<p class=\"has-text-align-justify\">Ahora bien, \u00bfqui\u00e9n vive una vida m\u00e1s plena o virtuosa? \u00bfAquella persona que trabaja y obtiene un salario modesto, o aquella que quiz\u00e1 percibe las mismas rentas, pero vive de subsidios? Y, sobre todo, \u00bfqui\u00e9n est\u00e1 mejor preparado para la inevitable muerte?<\/p>\n\n\n\n<p class=\"has-text-align-justify\">A pesar de que la vida del subsidiado pueda parecer <em>a priori<\/em> m\u00e1s pl\u00e1cida, \u00bfqu\u00e9 podr\u00e1 decir cuando su existencia se disipe? No podr\u00e1 decir que ha sido maestro en tal o cual \u00e1rea, ni que ha ayudado a gente brindando un servicio o construyendo una obra. No podr\u00e1 decir que ha podido ense\u00f1ar a sus hijos un oficio, pues carece de uno, y su existencia en esta tierra habr\u00e1 carecido de sentido. Quiz\u00e1 haya podido traer m\u00e1s vida a la Tierra, pero, \u00bfqu\u00e9 puede haber ense\u00f1ado a esa nueva generaci\u00f3n? \u00bfc\u00f3mo podr\u00e1 enfrentar a los problemas sin conocimientos? \u00bfc\u00f3mo podr\u00e1 valorar lo que tiene, si no se esfuerza por obtenerlo? \u00bfC\u00f3mo se puede preparar para abandonar la vida, si ha sido un mejor pasajero en ella?<\/p>\n\n\n\n<p class=\"has-text-align-justify\">En cambio, aquel que realmente desarrolla una profesi\u00f3n, por modesta que sea, sabe lo que cuesta mantener a una familia, sabe resolver problemas, sabe ense\u00f1ar a las nuevas generaciones y podr\u00e1 debatir en la barcaza de <strong><em><a href=\"https:\/\/www.worldhistory.org\/trans\/es\/1-11835\/caronte\/\" data-type=\"URL\" data-id=\"https:\/\/www.worldhistory.org\/trans\/es\/1-11835\/caronte\/\">Caronte<\/a><\/em><\/strong> todas aquellas obras que ha llevado a cabo en su existencia.<\/p>\n\n\n\n<p class=\"has-text-align-justify\">Ese es, para m\u00ed, el camino de la virtud. Cultivar la mente, el cuerpo y el esp\u00edritu para poder ayudar al crecimiento de las nuevas generaciones. Poder sembrar aquel \u00e1rbol de cuya sombra no podemos disfrutar. Poder presumir de que nuestros sucesores nos han superado en todos los \u00e1mbitos, pues les hemos ense\u00f1ado para ser mejores que nosotros. As\u00ed, cuando la Muerte extienda su mano podremos tomarla sin miedo, sabiendo que dejamos el planeta un poco mejor que nos lo encontramos y, sobre todo, dejaremos un feliz recuerdo a aquellos seres queridos que dejamos atr\u00e1s.<\/p>\n","protected":false},"excerpt":{"rendered":"<p>La muerte, el \u00fanico sitio al que nadie quiere ir, pero al que todo el mundo va. Este breve escrito intenta abordar, de un modo diferente, ese sendero que recorreremos todos.<\/p>\n","protected":false},"author":6,"featured_media":900,"comment_status":"open","ping_status":"open","sticky":true,"template":"","format":"standard","meta":{"_s2mail":"yes","_jetpack_memberships_contains_paid_content":false,"footnotes":"","jetpack_publicize_message":"","jetpack_publicize_feature_enabled":true,"jetpack_social_post_already_shared":false,"jetpack_social_options":{"image_generator_settings":{"template":"highway","default_image_id":0,"font":"","enabled":false},"version":2}},"categories":[1],"tags":[],"class_list":["post-728","post","type-post","status-publish","format-standard","has-post-thumbnail","hentry","category-articulos","bwp-masonry-item","bwp-col-3","bwp-post-has-title"],"jetpack_publicize_connections":[],"jetpack_featured_media_url":"https:\/\/www.quinqueytintero.com\/wp-content\/uploads\/2022\/08\/WhatsApp-Image-2022-09-16-at-1.16.16-PM.jpg","jetpack_sharing_enabled":true,"_links":{"self":[{"href":"https:\/\/www.quinqueytintero.com\/index.php\/wp-json\/wp\/v2\/posts\/728","targetHints":{"allow":["GET"]}}],"collection":[{"href":"https:\/\/www.quinqueytintero.com\/index.php\/wp-json\/wp\/v2\/posts"}],"about":[{"href":"https:\/\/www.quinqueytintero.com\/index.php\/wp-json\/wp\/v2\/types\/post"}],"author":[{"embeddable":true,"href":"https:\/\/www.quinqueytintero.com\/index.php\/wp-json\/wp\/v2\/users\/6"}],"replies":[{"embeddable":true,"href":"https:\/\/www.quinqueytintero.com\/index.php\/wp-json\/wp\/v2\/comments?post=728"}],"version-history":[{"count":8,"href":"https:\/\/www.quinqueytintero.com\/index.php\/wp-json\/wp\/v2\/posts\/728\/revisions"}],"predecessor-version":[{"id":1123,"href":"https:\/\/www.quinqueytintero.com\/index.php\/wp-json\/wp\/v2\/posts\/728\/revisions\/1123"}],"wp:featuredmedia":[{"embeddable":true,"href":"https:\/\/www.quinqueytintero.com\/index.php\/wp-json\/wp\/v2\/media\/900"}],"wp:attachment":[{"href":"https:\/\/www.quinqueytintero.com\/index.php\/wp-json\/wp\/v2\/media?parent=728"}],"wp:term":[{"taxonomy":"category","embeddable":true,"href":"https:\/\/www.quinqueytintero.com\/index.php\/wp-json\/wp\/v2\/categories?post=728"},{"taxonomy":"post_tag","embeddable":true,"href":"https:\/\/www.quinqueytintero.com\/index.php\/wp-json\/wp\/v2\/tags?post=728"}],"curies":[{"name":"wp","href":"https:\/\/api.w.org\/{rel}","templated":true}]}}