{"id":1071,"date":"2023-03-13T09:00:00","date_gmt":"2023-03-13T08:00:00","guid":{"rendered":"https:\/\/www.quinqueytintero.com\/?p=1071"},"modified":"2023-03-10T12:16:51","modified_gmt":"2023-03-10T11:16:51","slug":"el-hilo-y-la-aguja","status":"publish","type":"post","link":"https:\/\/www.quinqueytintero.com\/index.php\/2023\/03\/13\/el-hilo-y-la-aguja\/","title":{"rendered":"El hilo y la aguja"},"content":{"rendered":"\n<p class=\"has-text-align-justify\">Me part\u00ed el cuerpo en varios trozos. Doli\u00f3 mucho. No entend\u00ed por qu\u00e9 pas\u00f3, pero pas\u00f3. Me quitaron algo que siempre quise desde muy peque\u00f1o. No se dieron cuenta, y creo que todav\u00eda tampoco se han enterado de ello. Pero est\u00e1 ah\u00ed, latente.<\/p>\n\n\n\n<p class=\"has-text-align-justify\">Dicen que los volcanes cuando terminan de lanzar su sangre quedan huecos. O, al menos, eso se cree. Pero las venas, mis venas, esconden piedras que obstruyen el camino.<\/p>\n\n\n\n<p class=\"has-text-align-justify\">Cuando cog\u00ed el hilo y la aguja para unir mi cuerpo roto, ambos penetraron muy lentamente para que la carne sangrante no me hiciera m\u00e1s da\u00f1o. A penas sent\u00ed dolor. Solo fr\u00edo. Y debajo de la piel, no hab\u00eda nada blanco, todo era negro. El hilo fino surc\u00f3 las dunas de mi cuerpo agarrando y uniendo los mares que <strong><em>Mois\u00e9s<\/em><\/strong> separ\u00f3. La punta es la \u00fanica que, verdaderamente, conoci\u00f3 <strong>qui\u00e9n soy<\/strong>.<\/p>\n\n\n<div class=\"wp-block-image is-style-rounded\">\n<figure class=\"aligncenter size-full is-resized\"><img loading=\"lazy\" decoding=\"async\" src=\"https:\/\/www.quinqueytintero.com\/wp-content\/uploads\/2023\/01\/Cerezo-en-el-Volcan-1.jpg\" alt=\"\" class=\"wp-image-1076\" width=\"360\" height=\"240\"\/><figcaption class=\"wp-element-caption\"><em><strong>Cerezo en el Volcan, an\u00f3nimo.<\/strong><\/em><\/figcaption><\/figure>\n<\/div>\n\n\n<p class=\"has-text-align-justify\">Siempre que cojo un hilo y una aguja me ayudan a recordar que <strong>yo tambi\u00e9n sufro<\/strong>, y que los cortes son parte de mi devenir. Esos trozos <strong>unidos conforman lo que soy, pero separados no son m\u00e1s que polvo<\/strong>. Un polvo que no ocupa espacio y no alberga ni un simple recuerdo.<\/p>\n\n\n\n<p class=\"has-text-align-justify\">Si la muerte al final depara una eternidad en calma, entonces qu\u00e9 justicia hay en el sufrimiento terrenal de la vida. No apresuro a decaer, pero las preguntas rondan constantes, como un \u00e1guila acechando a su presa. Porque \u00bfc\u00f3mo puede ser que la ense\u00f1anza de algo m\u00e1s elevado sea un camino de tortura? \u00bfqu\u00e9 sentido tiene?<\/p>\n\n\n\n<p class=\"has-text-align-justify\">Desde que nacemos, acudimos al mundo llorando. Quiz\u00e1s sean l\u00e1grimas derramadas por llegar a <strong>un lugar que alberga una luz postiza<\/strong>. Y, \u00e9stas, nos acogen de vez en cuando m\u00e1s adelante para volver a recordarnos en qu\u00e9 lugar estamos.<\/p>\n\n\n\n<p class=\"has-text-align-justify\">Deseos impregnados de superaci\u00f3n por algo que no tiene sentido campan a mi costa en este mundo que navega sin rumbo en el universo. Ocupo espacios indelebles que no indican nada m\u00e1s que arrogancia y prepotencia mundana. <strong>Alcanzo el deseo de ser mejor que el otro, y, en realidad, ese otro es como yo.<\/strong> \u00bfPara qu\u00e9? Mejor dicho, \u00bfpor qu\u00e9?<\/p>\n\n\n<div class=\"wp-block-image is-style-rounded\">\n<figure class=\"aligncenter size-large is-resized\"><img loading=\"lazy\" decoding=\"async\" src=\"https:\/\/www.quinqueytintero.com\/wp-content\/uploads\/2023\/03\/Cementerio-de-monasterio-en-la-nieve-de-Caspar-David-Friedrich-1024x683.jpg\" alt=\"\" class=\"wp-image-1077\" width=\"360\" height=\"240\" srcset=\"https:\/\/www.quinqueytintero.com\/wp-content\/uploads\/2023\/03\/Cementerio-de-monasterio-en-la-nieve-de-Caspar-David-Friedrich-1024x683.jpg 1024w, https:\/\/www.quinqueytintero.com\/wp-content\/uploads\/2023\/03\/Cementerio-de-monasterio-en-la-nieve-de-Caspar-David-Friedrich-300x200.jpg 300w, https:\/\/www.quinqueytintero.com\/wp-content\/uploads\/2023\/03\/Cementerio-de-monasterio-en-la-nieve-de-Caspar-David-Friedrich-768x512.jpg 768w, https:\/\/www.quinqueytintero.com\/wp-content\/uploads\/2023\/03\/Cementerio-de-monasterio-en-la-nieve-de-Caspar-David-Friedrich-900x600.jpg 900w, https:\/\/www.quinqueytintero.com\/wp-content\/uploads\/2023\/03\/Cementerio-de-monasterio-en-la-nieve-de-Caspar-David-Friedrich.jpg 1080w\" sizes=\"auto, (max-width: 360px) 100vw, 360px\" \/><figcaption class=\"wp-element-caption\"><strong><em>Cementerio de monasterio en la nieve, de Caspar David Friedrich<\/em><\/strong>.<\/figcaption><\/figure>\n<\/div>\n\n\n<p class=\"has-text-align-justify\">He quiero ser rey de una tierra, <strong>cuando la tierra es la Reina de todo<\/strong>. Ahora s\u00e9 que ella es cruel, que no atiende a mis s\u00faplicas, y el amor y la pena no son constantes en su sentido. Arrampla con el deseo de lo humano sin preguntar. Y eso debilita, me debilita.<\/p>\n\n\n\n<p class=\"has-text-align-justify\">Las campanas del abismo suenan m\u00e1s fuertes cuando llueve. Ahora son las l\u00e1grimas de la tierra las que me inundan y pesan sobre m\u00ed. La pisada que acompa\u00f1a al f\u00e9retro es el \u00fanico tono de esta melod\u00eda sin m\u00fasica. Observo como se ocultan los cuerpos bajo la oscuridad, esperando a ser devorados por la misma Reina. Y no hay consuelo. Solo silencio, mientras las gotas caen sobre m\u00ed, una, y otra, y otra vez\u2026 Me siguen pesando.<\/p>\n\n\n\n<p class=\"has-text-align-justify\">Mis sombras me persiguen en este mar de olas. Me susurran cantos que no conocen la esperanza y me atesoran de cierta amargura mis d\u00edas. <strong>\u00bfCu\u00e1nto, de verdad, durar\u00e1 esta tortura?<\/strong><\/p>\n\n\n\n<p class=\"has-text-align-justify\">El pico de la monta\u00f1a queda lejos todav\u00eda. Y cu\u00e1ntas veces tendr\u00e9 que pedirle al cielo que me deje desplegar mis alas. Est\u00e1n ah\u00ed, esperando, para salir presas de la tiran\u00eda, pero las sombras no les dejan. Y, a m\u00ed, me hacen da\u00f1o en la carne.<\/p>\n\n\n<div class=\"wp-block-image is-style-rounded\">\n<figure class=\"aligncenter size-large is-resized\"><img loading=\"lazy\" decoding=\"async\" src=\"https:\/\/www.quinqueytintero.com\/wp-content\/uploads\/2023\/01\/Ocaso-y-Esperanza-de-Carlos-Ortega-Morales-1024x683.jpg\" alt=\"\" class=\"wp-image-1079\" width=\"360\" height=\"240\" srcset=\"https:\/\/www.quinqueytintero.com\/wp-content\/uploads\/2023\/01\/Ocaso-y-Esperanza-de-Carlos-Ortega-Morales-1024x683.jpg 1024w, https:\/\/www.quinqueytintero.com\/wp-content\/uploads\/2023\/01\/Ocaso-y-Esperanza-de-Carlos-Ortega-Morales-300x200.jpg 300w, https:\/\/www.quinqueytintero.com\/wp-content\/uploads\/2023\/01\/Ocaso-y-Esperanza-de-Carlos-Ortega-Morales-768x512.jpg 768w, https:\/\/www.quinqueytintero.com\/wp-content\/uploads\/2023\/01\/Ocaso-y-Esperanza-de-Carlos-Ortega-Morales-900x600.jpg 900w, https:\/\/www.quinqueytintero.com\/wp-content\/uploads\/2023\/01\/Ocaso-y-Esperanza-de-Carlos-Ortega-Morales.jpg 1080w\" sizes=\"auto, (max-width: 360px) 100vw, 360px\" \/><figcaption class=\"wp-element-caption\"><strong><em>Ocaso y Esperanza, de Carlos Ortega Morales.<\/em><\/strong><\/figcaption><\/figure>\n<\/div>\n\n\n<p class=\"has-text-align-justify\">Sin embargo, no puedo acudir a la eternidad todav\u00eda, <strong>porque sigo vivo<\/strong>. El alma es tentadora de ilusiones y es capaz de llevarnos a otros espacios y otros mundos, pero solo tenemos esto. Por eso fundo otra vez mi carne en una sola, esa que alberga <strong>las verdaderas letras que me merezco.<\/strong><\/p>\n\n\n\n<p class=\"has-text-align-justify\">Desde que vine aqu\u00ed,<strong> <\/strong>supe que solo necesitar\u00eda un hilo y una aguja. Ahora el destino me da la raz\u00f3n. Con ellos he aprendido que, a pesar de estar roto, <strong>las heridas no se ven. Y, aunque existan, han sanado.<\/strong><\/p>\n\n\n\n<p class=\"has-text-align-justify\">El hilo y la aguja<strong> <\/strong>son los que me han llevado al lugar donde<strong> las l\u00e1grimas limpian y donde las campanas suenan en el para\u00edso.<\/strong> Ahora s\u00e9 que, en realidad,<strong> esas sombras son las luces que no vemos<\/strong>\u2026<\/p>\n\n\n\n<p class=\"has-text-align-right\">\u2026 \u00bfverdad?, <strong><em>Princesa de la Luna<\/em>.<\/strong><\/p>\n","protected":false},"excerpt":{"rendered":"<p>En muchas ocasiones necesitamos artilugios, artefactos, para reconstruir nuestro cuerpo e, incluso, resucitar nuestra alma. Yo eleg\u00ed el Hilo y la Aguja. \u00bfY usted?<\/p>\n","protected":false},"author":3,"featured_media":1072,"comment_status":"open","ping_status":"open","sticky":true,"template":"","format":"standard","meta":{"_s2mail":"yes","_jetpack_memberships_contains_paid_content":false,"footnotes":"","jetpack_publicize_message":"","jetpack_publicize_feature_enabled":true,"jetpack_social_post_already_shared":true,"jetpack_social_options":{"image_generator_settings":{"template":"highway","default_image_id":0,"font":"","enabled":false},"version":2}},"categories":[1],"tags":[],"class_list":["post-1071","post","type-post","status-publish","format-standard","has-post-thumbnail","hentry","category-articulos","bwp-masonry-item","bwp-col-3","bwp-post-has-title"],"jetpack_publicize_connections":[],"jetpack_featured_media_url":"https:\/\/www.quinqueytintero.com\/wp-content\/uploads\/2023\/01\/1024px-aguja_hilo_2.jpg","jetpack_sharing_enabled":true,"_links":{"self":[{"href":"https:\/\/www.quinqueytintero.com\/index.php\/wp-json\/wp\/v2\/posts\/1071","targetHints":{"allow":["GET"]}}],"collection":[{"href":"https:\/\/www.quinqueytintero.com\/index.php\/wp-json\/wp\/v2\/posts"}],"about":[{"href":"https:\/\/www.quinqueytintero.com\/index.php\/wp-json\/wp\/v2\/types\/post"}],"author":[{"embeddable":true,"href":"https:\/\/www.quinqueytintero.com\/index.php\/wp-json\/wp\/v2\/users\/3"}],"replies":[{"embeddable":true,"href":"https:\/\/www.quinqueytintero.com\/index.php\/wp-json\/wp\/v2\/comments?post=1071"}],"version-history":[{"count":9,"href":"https:\/\/www.quinqueytintero.com\/index.php\/wp-json\/wp\/v2\/posts\/1071\/revisions"}],"predecessor-version":[{"id":1208,"href":"https:\/\/www.quinqueytintero.com\/index.php\/wp-json\/wp\/v2\/posts\/1071\/revisions\/1208"}],"wp:featuredmedia":[{"embeddable":true,"href":"https:\/\/www.quinqueytintero.com\/index.php\/wp-json\/wp\/v2\/media\/1072"}],"wp:attachment":[{"href":"https:\/\/www.quinqueytintero.com\/index.php\/wp-json\/wp\/v2\/media?parent=1071"}],"wp:term":[{"taxonomy":"category","embeddable":true,"href":"https:\/\/www.quinqueytintero.com\/index.php\/wp-json\/wp\/v2\/categories?post=1071"},{"taxonomy":"post_tag","embeddable":true,"href":"https:\/\/www.quinqueytintero.com\/index.php\/wp-json\/wp\/v2\/tags?post=1071"}],"curies":[{"name":"wp","href":"https:\/\/api.w.org\/{rel}","templated":true}]}}