{"id":1002,"date":"2022-10-24T21:09:54","date_gmt":"2022-10-24T19:09:54","guid":{"rendered":"https:\/\/www.quinqueytintero.com\/?p=1002"},"modified":"2022-11-17T12:03:47","modified_gmt":"2022-11-17T11:03:47","slug":"lagrimas","status":"publish","type":"post","link":"https:\/\/www.quinqueytintero.com\/index.php\/2022\/10\/24\/lagrimas\/","title":{"rendered":"L\u00e1grimas"},"content":{"rendered":"\n<p class=\"has-drop-cap has-text-align-justify\">Soy adicto a las historias, en todas sus formas y medios: palabra escrita, pixel o celuloide; s\u00e1tira, drama, comedia o tragedia.<\/p>\n\n\n\n<p class=\"has-text-align-justify\">Sin embargo, por alg\u00fan motivo, siempre gravito hacia a aquellas historias que intentan removerme por dentro, a veces sutilmente y, en ocasiones, con el tacto de un martillazo en el pecho.<\/p>\n\n\n\n<p>Y es que soy de l\u00e1grima f\u00e1cil, lo reconozco, me conmuevo con facilidad y no me da miedo admitir que, en alguna ocasi\u00f3n, leyendo, me he quedado quieto, he alejado la vista y he empezado a sollozar a l\u00e1grima viva.<\/p>\n\n\n\n<p>Alguna vez me he preguntado por qu\u00e9 me someto a ello, qu\u00e9 clase de motivaci\u00f3n me lleva a querer \u201cpasarlo mal\u201d con la historias a las que me expongo.<\/p>\n\n\n\n<p>Y creo que es porque esas historias se sienten m\u00e1s vivas. Ver c\u00f3mo la tragedia golpea a unas vidas otrora felices, c\u00f3mo los horrores de una realidad carente de clemencia sorprenden a los protagonistas, y c\u00f3mo, pese a sus debilidades y temores, estos se enfrentan a sus destinos con todo lo que tienen.<\/p>\n\n\n<div class=\"wp-block-image is-style-rounded\">\n<figure class=\"aligncenter size-full is-resized\"><img loading=\"lazy\" decoding=\"async\" src=\"https:\/\/www.quinqueytintero.com\/wp-content\/uploads\/2022\/10\/50856159861_516f37f904_k.jpg\" alt=\"\" class=\"wp-image-1011\" width=\"360\" height=\"240\" srcset=\"https:\/\/www.quinqueytintero.com\/wp-content\/uploads\/2022\/10\/50856159861_516f37f904_k.jpg 720w, https:\/\/www.quinqueytintero.com\/wp-content\/uploads\/2022\/10\/50856159861_516f37f904_k-300x200.jpg 300w\" sizes=\"auto, (max-width: 360px) 100vw, 360px\" \/><figcaption class=\"wp-element-caption\"><strong><em>Aunque todo se nos venga encima, siempre debemos intentar volver a levantarnos<\/em><\/strong>.<\/figcaption><\/figure>\n<\/div>\n\n\n<p class=\"has-text-align-justify\">He visto gente que, aun sabi\u00e9ndose condenada, ha seguido sonriendo, haciendo todo lo posible por disfrutar del tiempo que les quedaba. Otros que tomaron las decisiones equivocadas, pero siguieron adelante porque sab\u00edan que rendirse era el final. O aquellos que ve\u00edan c\u00f3mo todo a su alrededor se ven\u00eda abajo, ellos incluidos, pero que, tras caer, hincaban la rodilla en la tierra y se levantaban de nuevo.<\/p>\n\n\n\n<p>Esa lucha &#8211; ganen o pierdan &#8211; es lo que me resulta inspirador.<\/p>\n\n\n\n<p class=\"has-text-align-justify\">Por intensa y duradera que sea nuestra felicidad, \u00e9sta, puede verse cortada en cualquier momento. Las relaciones se terminan, nuestros seres queridos se acaban yendo, la enfermedad acecha. Es normal que experimentemos la tristeza en esos momentos y, de hecho, debemos permitirnos sentirla. Dejar que las l\u00e1grimas salgan para que la amargura se vaya. La vida misma\u2026<\/p>\n\n\n\n<p class=\"has-text-align-justify\">No nos enga\u00f1emos, sabemos que podemos volver a ser felices, que la vida son altos y bajos, y un d\u00eda volveremos a sonre\u00edr y re\u00edr. Y que, si al final caemos ante las circunstancias, podremos alzar la cabeza con orgullo, sabiendo que lo dimos todo.<\/p>\n\n\n\n<p>\u00bfPodr\u00edamos reconocer la felicidad si nunca hubi\u00e9semos experimentado la tristeza, si nunca hubi\u00e9semos arrojado un l\u00e1grima?<\/p>\n\n\n\n<p>Yo creo que no.<\/p>\n","protected":false},"excerpt":{"rendered":"<p>La ficci\u00f3n va mas all\u00e1 del entretenimiento. Es algo capaz de conmovernos, emocionarnos, inspirarnos&#8230;<br \/>\nIncluso prepararnos para las dificultades que indudablemente vendr\u00e1n en el futuro<\/p>\n","protected":false},"author":2,"featured_media":1039,"comment_status":"open","ping_status":"open","sticky":true,"template":"","format":"standard","meta":{"_s2mail":"yes","_jetpack_memberships_contains_paid_content":false,"footnotes":"","jetpack_publicize_message":"","jetpack_publicize_feature_enabled":true,"jetpack_social_post_already_shared":false,"jetpack_social_options":{"image_generator_settings":{"template":"highway","default_image_id":0,"font":"","enabled":false},"version":2}},"categories":[1],"tags":[],"class_list":["post-1002","post","type-post","status-publish","format-standard","has-post-thumbnail","hentry","category-articulos","bwp-masonry-item","bwp-col-3","bwp-post-has-title"],"jetpack_publicize_connections":[],"jetpack_featured_media_url":"https:\/\/www.quinqueytintero.com\/wp-content\/uploads\/2022\/10\/25639220215_79bc2d8ad3_k-1024x665-1.jpg","jetpack_sharing_enabled":true,"_links":{"self":[{"href":"https:\/\/www.quinqueytintero.com\/index.php\/wp-json\/wp\/v2\/posts\/1002","targetHints":{"allow":["GET"]}}],"collection":[{"href":"https:\/\/www.quinqueytintero.com\/index.php\/wp-json\/wp\/v2\/posts"}],"about":[{"href":"https:\/\/www.quinqueytintero.com\/index.php\/wp-json\/wp\/v2\/types\/post"}],"author":[{"embeddable":true,"href":"https:\/\/www.quinqueytintero.com\/index.php\/wp-json\/wp\/v2\/users\/2"}],"replies":[{"embeddable":true,"href":"https:\/\/www.quinqueytintero.com\/index.php\/wp-json\/wp\/v2\/comments?post=1002"}],"version-history":[{"count":18,"href":"https:\/\/www.quinqueytintero.com\/index.php\/wp-json\/wp\/v2\/posts\/1002\/revisions"}],"predecessor-version":[{"id":1067,"href":"https:\/\/www.quinqueytintero.com\/index.php\/wp-json\/wp\/v2\/posts\/1002\/revisions\/1067"}],"wp:featuredmedia":[{"embeddable":true,"href":"https:\/\/www.quinqueytintero.com\/index.php\/wp-json\/wp\/v2\/media\/1039"}],"wp:attachment":[{"href":"https:\/\/www.quinqueytintero.com\/index.php\/wp-json\/wp\/v2\/media?parent=1002"}],"wp:term":[{"taxonomy":"category","embeddable":true,"href":"https:\/\/www.quinqueytintero.com\/index.php\/wp-json\/wp\/v2\/categories?post=1002"},{"taxonomy":"post_tag","embeddable":true,"href":"https:\/\/www.quinqueytintero.com\/index.php\/wp-json\/wp\/v2\/tags?post=1002"}],"curies":[{"name":"wp","href":"https:\/\/api.w.org\/{rel}","templated":true}]}}